{"id":2224,"date":"2016-07-28T15:08:48","date_gmt":"2016-07-28T13:08:48","guid":{"rendered":"http:\/\/www.dpsg-bommern.de\/blog\/?p=2224"},"modified":"2016-07-28T15:13:16","modified_gmt":"2016-07-28T13:13:16","slug":"sommerlager-2016-infos","status":"publish","type":"post","link":"https:\/\/www.dpsg-bommern.de\/blog\/sommerlager-2016-infos\/","title":{"rendered":"Sommerlager 2016 &#8211; Der Countdown geht los&#8230;"},"content":{"rendered":"<p>Keine zwei Wochen mehr, dann geht f\u00fcr Juffis, Pfadis und Rover und nat\u00fcrlich die hochmotovierten Leiter das Sommerlager los. Am 10. August fahren wir in die Niederlande, in die N\u00e4he von Zaandvort aan Zee: Es geht auf den <a href=\"https:\/\/naaldenveld.scouting.nl\/de\/\">Pfadfinderlagerplatz &#8222;Labelterrain Het Naadenveld&#8220;<\/a>. Zw\u00f6lf Tage in den Niederlanden voller Sommer, Sonne, Meer erwarten uns. Und nat\u00fcrlich das \u00fcbliche Abenteuer.<\/p>\n<p>Hier kommen noch einmal die Eckdaten und Links zu den wichtigen Unterlagen.<\/p>\n<ul>\n<li>Wir treffen uns am 10.8. um 6:15 Uhr vor dem Gemeindehaus zur Abfahrt. Es kann kein gro\u00dfes Gep\u00e4ck mit an den Sitzplatz im Bus genommen werden, bitte daher den Tagesrucksack mit der Fahrtverpflegung nur leicht bepacken.<\/li>\n<li>Am Sonntag, dem 21.8. kommen wir nachmittags zur\u00fcck. Es gibt eine Telefonkette, wenn die Ankunftszeit gut kalkulierbar ist. Es w\u00e4re sch\u00f6n, wenn alle helfen w\u00fcrden den Bus auszupacken. Wenn m\u00f6glichst Viele mit anpacken, dann kommen wir alle fr\u00fcher nach Hause.<\/li>\n<li>Wie in jedem Jahr treffen sich alle Teilnehmer des Sommerlagers einen Tag nach der R\u00fcckkehr, am Montag um 14 Uhr, um gemeinsam die Zelte zu putzen, Material zu reinigen und wegzur\u00e4umen.<\/li>\n<\/ul>\n<p>Den Fragebogen und den Info- und Packzettel findet ihr hier zum herunterladen:<\/p>\n<ul>\n<li><a href=\"http:\/\/www.dpsg-bommern.de\/blog\/download\/16\/\">Fragebogen f\u00fcr die Teilnehmer des Sommerlager 2016<\/a><\/li>\n<li><a href=\"http:\/\/www.dpsg-bommern.de\/blog\/download\/17\/\">Info- und Packzettel zum Sommerlager 2016<\/a><\/li>\n<\/ul>\n<p>Wer unser Sommerlager \u00fcber das Internet verfolgen m\u00f6chte, der hat \u00fcber <a href=\"http:\/\/twitter.com\/dpsgbommern\" target=\"_blank\" data-saferedirecturl=\"https:\/\/www.google.com\/url?hl=de&amp;q=http:\/\/twitter.com\/dpsgbommern&amp;source=gmail&amp;ust=1469797621217000&amp;usg=AFQjCNFrewoFmuLJQXxIxn_xUKk-OP_iYQ\">twitter.com\/dpsgbommern<\/a> Gelegenheit dazu.<\/p>\n<p>Allen daheim gebliebenen w\u00fcnschen wir weiterhin eine sch\u00f6ne Sommer- und Urlaubszeit und allzeit \u201eGut Pfad&#8220;.<\/p>\n","protected":false},"excerpt":{"rendered":"<p>Keine zwei Wochen mehr, dann geht f\u00fcr Juffis, Pfadis und Rover und nat\u00fcrlich die hochmotovierten Leiter das Sommerlager los. Am 10. August fahren wir in die Niederlande, in die N\u00e4he von Zaandvort aan Zee:&#46;&#46;&#46;<\/p>\n","protected":false},"author":4,"featured_media":2195,"comment_status":"open","ping_status":"closed","sticky":false,"template":"","format":"standard","meta":{"ngg_post_thumbnail":0,"footnotes":""},"categories":[1],"tags":[],"class_list":["post-2224","post","type-post","status-publish","format-standard","has-post-thumbnail","hentry","category-allgemein"],"yoast_head":"<!-- This site is optimized with the Yoast SEO plugin v27.5 - https:\/\/yoast.com\/product\/yoast-seo-wordpress\/ -->\n<title>Sommerlager 2016 - Der Countdown geht los... &#171; DPSG Stamm Herz-Jesu Witten-Bommern<\/title>\n<meta name=\"robots\" content=\"index, follow, max-snippet:-1, max-image-preview:large, max-video-preview:-1\" \/>\n<link rel=\"canonical\" href=\"https:\/\/www.dpsg-bommern.de\/blog\/sommerlager-2016-infos\/\" \/>\n<meta property=\"og:locale\" content=\"de_DE\" \/>\n<meta property=\"og:type\" content=\"article\" \/>\n<meta property=\"og:title\" content=\"Sommerlager 2016 - Der Countdown geht los... &#171; DPSG Stamm Herz-Jesu Witten-Bommern\" \/>\n<meta property=\"og:description\" content=\"Keine zwei Wochen mehr, dann geht f\u00fcr Juffis, Pfadis und Rover und nat\u00fcrlich die hochmotovierten Leiter das Sommerlager los. Am 10. August fahren wir in die Niederlande, in die N\u00e4he von Zaandvort aan Zee:&#046;&#046;&#046;\" \/>\n<meta property=\"og:url\" content=\"https:\/\/www.dpsg-bommern.de\/blog\/sommerlager-2016-infos\/\" \/>\n<meta property=\"og:site_name\" content=\"DPSG Stamm Herz-Jesu Witten-Bommern\" \/>\n<meta property=\"article:publisher\" content=\"https:\/\/www.facebook.com\/dpsgwittenbommern\" \/>\n<meta property=\"article:published_time\" content=\"2016-07-28T13:08:48+00:00\" \/>\n<meta property=\"article:modified_time\" content=\"2016-07-28T13:13:16+00:00\" \/>\n<meta property=\"og:image\" content=\"https:\/\/www.dpsg-bommern.de\/blog\/wp-content\/uploads\/2016\/01\/Keyvisual_SoLa_2016.jpg\" \/>\n\t<meta property=\"og:image:width\" content=\"720\" \/>\n\t<meta property=\"og:image:height\" content=\"400\" \/>\n\t<meta property=\"og:image:type\" content=\"image\/jpeg\" \/>\n<meta name=\"author\" content=\"oskar\" \/>\n<meta name=\"twitter:label1\" content=\"Verfasst von\" \/>\n\t<meta name=\"twitter:data1\" content=\"oskar\" \/>\n\t<meta name=\"twitter:label2\" content=\"Gesch\u00e4tzte Lesezeit\" \/>\n\t<meta name=\"twitter:data2\" content=\"1\u00a0Minute\" \/>\n<script type=\"application\/ld+json\" class=\"yoast-schema-graph\">{\"@context\":\"https:\\\/\\\/schema.org\",\"@graph\":[{\"@type\":\"Article\",\"@id\":\"https:\\\/\\\/www.dpsg-bommern.de\\\/blog\\\/sommerlager-2016-infos\\\/#article\",\"isPartOf\":{\"@id\":\"https:\\\/\\\/www.dpsg-bommern.de\\\/blog\\\/sommerlager-2016-infos\\\/\"},\"author\":{\"name\":\"oskar\",\"@id\":\"https:\\\/\\\/www.dpsg-bommern.de\\\/blog\\\/#\\\/schema\\\/person\\\/cac27072af5815849d86ab29e4715f3e\"},\"headline\":\"Sommerlager 2016 &#8211; Der Countdown geht los&#8230;\",\"datePublished\":\"2016-07-28T13:08:48+00:00\",\"dateModified\":\"2016-07-28T13:13:16+00:00\",\"mainEntityOfPage\":{\"@id\":\"https:\\\/\\\/www.dpsg-bommern.de\\\/blog\\\/sommerlager-2016-infos\\\/\"},\"wordCount\":251,\"commentCount\":0,\"publisher\":{\"@id\":\"https:\\\/\\\/www.dpsg-bommern.de\\\/blog\\\/#organization\"},\"image\":{\"@id\":\"https:\\\/\\\/www.dpsg-bommern.de\\\/blog\\\/sommerlager-2016-infos\\\/#primaryimage\"},\"thumbnailUrl\":\"https:\\\/\\\/www.dpsg-bommern.de\\\/blog\\\/wp-content\\\/uploads\\\/2016\\\/01\\\/Keyvisual_SoLa_2016.jpg\",\"inLanguage\":\"de\",\"potentialAction\":[{\"@type\":\"CommentAction\",\"name\":\"Comment\",\"target\":[\"https:\\\/\\\/www.dpsg-bommern.de\\\/blog\\\/sommerlager-2016-infos\\\/#respond\"]}]},{\"@type\":\"WebPage\",\"@id\":\"https:\\\/\\\/www.dpsg-bommern.de\\\/blog\\\/sommerlager-2016-infos\\\/\",\"url\":\"https:\\\/\\\/www.dpsg-bommern.de\\\/blog\\\/sommerlager-2016-infos\\\/\",\"name\":\"Sommerlager 2016 - Der Countdown geht los... &#171; DPSG Stamm Herz-Jesu Witten-Bommern\",\"isPartOf\":{\"@id\":\"https:\\\/\\\/www.dpsg-bommern.de\\\/blog\\\/#website\"},\"primaryImageOfPage\":{\"@id\":\"https:\\\/\\\/www.dpsg-bommern.de\\\/blog\\\/sommerlager-2016-infos\\\/#primaryimage\"},\"image\":{\"@id\":\"https:\\\/\\\/www.dpsg-bommern.de\\\/blog\\\/sommerlager-2016-infos\\\/#primaryimage\"},\"thumbnailUrl\":\"https:\\\/\\\/www.dpsg-bommern.de\\\/blog\\\/wp-content\\\/uploads\\\/2016\\\/01\\\/Keyvisual_SoLa_2016.jpg\",\"datePublished\":\"2016-07-28T13:08:48+00:00\",\"dateModified\":\"2016-07-28T13:13:16+00:00\",\"breadcrumb\":{\"@id\":\"https:\\\/\\\/www.dpsg-bommern.de\\\/blog\\\/sommerlager-2016-infos\\\/#breadcrumb\"},\"inLanguage\":\"de\",\"potentialAction\":[{\"@type\":\"ReadAction\",\"target\":[\"https:\\\/\\\/www.dpsg-bommern.de\\\/blog\\\/sommerlager-2016-infos\\\/\"]}]},{\"@type\":\"ImageObject\",\"inLanguage\":\"de\",\"@id\":\"https:\\\/\\\/www.dpsg-bommern.de\\\/blog\\\/sommerlager-2016-infos\\\/#primaryimage\",\"url\":\"https:\\\/\\\/www.dpsg-bommern.de\\\/blog\\\/wp-content\\\/uploads\\\/2016\\\/01\\\/Keyvisual_SoLa_2016.jpg\",\"contentUrl\":\"https:\\\/\\\/www.dpsg-bommern.de\\\/blog\\\/wp-content\\\/uploads\\\/2016\\\/01\\\/Keyvisual_SoLa_2016.jpg\",\"width\":720,\"height\":400,\"caption\":\"Sommerlager 2016 im Scouting Labelterrain Het Naaldenveld in Bentveld - Pfadfinder DPSG Herz-Jesu Witten-Bommern\"},{\"@type\":\"BreadcrumbList\",\"@id\":\"https:\\\/\\\/www.dpsg-bommern.de\\\/blog\\\/sommerlager-2016-infos\\\/#breadcrumb\",\"itemListElement\":[{\"@type\":\"ListItem\",\"position\":1,\"name\":\"Home\",\"item\":\"https:\\\/\\\/www.dpsg-bommern.de\\\/blog\\\/\"},{\"@type\":\"ListItem\",\"position\":2,\"name\":\"Sommerlager 2016 &#8211; Der Countdown geht los&#8230;\"}]},{\"@type\":\"WebSite\",\"@id\":\"https:\\\/\\\/www.dpsg-bommern.de\\\/blog\\\/#website\",\"url\":\"https:\\\/\\\/www.dpsg-bommern.de\\\/blog\\\/\",\"name\":\"DPSG Stamm Herz-Jesu Witten-Bommern\",\"description\":\"Pfadfinden: Abenteuer und mehr\",\"publisher\":{\"@id\":\"https:\\\/\\\/www.dpsg-bommern.de\\\/blog\\\/#organization\"},\"potentialAction\":[{\"@type\":\"SearchAction\",\"target\":{\"@type\":\"EntryPoint\",\"urlTemplate\":\"https:\\\/\\\/www.dpsg-bommern.de\\\/blog\\\/?s={search_term_string}\"},\"query-input\":{\"@type\":\"PropertyValueSpecification\",\"valueRequired\":true,\"valueName\":\"search_term_string\"}}],\"inLanguage\":\"de\"},{\"@type\":\"Organization\",\"@id\":\"https:\\\/\\\/www.dpsg-bommern.de\\\/blog\\\/#organization\",\"name\":\"DPSG Stamm Herz-Jesu Witten-Bommern\",\"url\":\"https:\\\/\\\/www.dpsg-bommern.de\\\/blog\\\/\",\"logo\":{\"@type\":\"ImageObject\",\"inLanguage\":\"de\",\"@id\":\"https:\\\/\\\/www.dpsg-bommern.de\\\/blog\\\/#\\\/schema\\\/logo\\\/image\\\/\",\"url\":\"\",\"contentUrl\":\"\",\"caption\":\"DPSG Stamm Herz-Jesu Witten-Bommern\"},\"image\":{\"@id\":\"https:\\\/\\\/www.dpsg-bommern.de\\\/blog\\\/#\\\/schema\\\/logo\\\/image\\\/\"},\"sameAs\":[\"https:\\\/\\\/www.facebook.com\\\/dpsgwittenbommern\",\"https:\\\/\\\/x.com\\\/dpsgBommern\"]},{\"@type\":\"Person\",\"@id\":\"https:\\\/\\\/www.dpsg-bommern.de\\\/blog\\\/#\\\/schema\\\/person\\\/cac27072af5815849d86ab29e4715f3e\",\"name\":\"oskar\",\"image\":{\"@type\":\"ImageObject\",\"inLanguage\":\"de\",\"@id\":\"https:\\\/\\\/secure.gravatar.com\\\/avatar\\\/0df797c4fc9c8c58d48bde1a83df1fdff6e5b5c0c4464a4583d1a352f8fd7800?s=96&d=mm&r=g\",\"url\":\"https:\\\/\\\/secure.gravatar.com\\\/avatar\\\/0df797c4fc9c8c58d48bde1a83df1fdff6e5b5c0c4464a4583d1a352f8fd7800?s=96&d=mm&r=g\",\"contentUrl\":\"https:\\\/\\\/secure.gravatar.com\\\/avatar\\\/0df797c4fc9c8c58d48bde1a83df1fdff6e5b5c0c4464a4583d1a352f8fd7800?s=96&d=mm&r=g\",\"caption\":\"oskar\"},\"url\":\"https:\\\/\\\/www.dpsg-bommern.de\\\/blog\\\/author\\\/oskar\\\/\"}]}<\/script>\n<!-- \/ Yoast SEO plugin. -->","yoast_head_json":{"title":"Sommerlager 2016 - Der Countdown geht los... &#171; DPSG Stamm Herz-Jesu Witten-Bommern","robots":{"index":"index","follow":"follow","max-snippet":"max-snippet:-1","max-image-preview":"max-image-preview:large","max-video-preview":"max-video-preview:-1"},"canonical":"https:\/\/www.dpsg-bommern.de\/blog\/sommerlager-2016-infos\/","og_locale":"de_DE","og_type":"article","og_title":"Sommerlager 2016 - Der Countdown geht los... &#171; DPSG Stamm Herz-Jesu Witten-Bommern","og_description":"Keine zwei Wochen mehr, dann geht f\u00fcr Juffis, Pfadis und Rover und nat\u00fcrlich die hochmotovierten Leiter das Sommerlager los. Am 10. August fahren wir in die Niederlande, in die N\u00e4he von Zaandvort aan Zee:&#46;&#46;&#46;","og_url":"https:\/\/www.dpsg-bommern.de\/blog\/sommerlager-2016-infos\/","og_site_name":"DPSG Stamm Herz-Jesu Witten-Bommern","article_publisher":"https:\/\/www.facebook.com\/dpsgwittenbommern","article_published_time":"2016-07-28T13:08:48+00:00","article_modified_time":"2016-07-28T13:13:16+00:00","og_image":[{"width":720,"height":400,"url":"https:\/\/www.dpsg-bommern.de\/blog\/wp-content\/uploads\/2016\/01\/Keyvisual_SoLa_2016.jpg","type":"image\/jpeg"}],"author":"oskar","twitter_misc":{"Verfasst von":"oskar","Gesch\u00e4tzte Lesezeit":"1\u00a0Minute"},"schema":{"@context":"https:\/\/schema.org","@graph":[{"@type":"Article","@id":"https:\/\/www.dpsg-bommern.de\/blog\/sommerlager-2016-infos\/#article","isPartOf":{"@id":"https:\/\/www.dpsg-bommern.de\/blog\/sommerlager-2016-infos\/"},"author":{"name":"oskar","@id":"https:\/\/www.dpsg-bommern.de\/blog\/#\/schema\/person\/cac27072af5815849d86ab29e4715f3e"},"headline":"Sommerlager 2016 &#8211; Der Countdown geht los&#8230;","datePublished":"2016-07-28T13:08:48+00:00","dateModified":"2016-07-28T13:13:16+00:00","mainEntityOfPage":{"@id":"https:\/\/www.dpsg-bommern.de\/blog\/sommerlager-2016-infos\/"},"wordCount":251,"commentCount":0,"publisher":{"@id":"https:\/\/www.dpsg-bommern.de\/blog\/#organization"},"image":{"@id":"https:\/\/www.dpsg-bommern.de\/blog\/sommerlager-2016-infos\/#primaryimage"},"thumbnailUrl":"https:\/\/www.dpsg-bommern.de\/blog\/wp-content\/uploads\/2016\/01\/Keyvisual_SoLa_2016.jpg","inLanguage":"de","potentialAction":[{"@type":"CommentAction","name":"Comment","target":["https:\/\/www.dpsg-bommern.de\/blog\/sommerlager-2016-infos\/#respond"]}]},{"@type":"WebPage","@id":"https:\/\/www.dpsg-bommern.de\/blog\/sommerlager-2016-infos\/","url":"https:\/\/www.dpsg-bommern.de\/blog\/sommerlager-2016-infos\/","name":"Sommerlager 2016 - Der Countdown geht los... &#171; DPSG Stamm Herz-Jesu Witten-Bommern","isPartOf":{"@id":"https:\/\/www.dpsg-bommern.de\/blog\/#website"},"primaryImageOfPage":{"@id":"https:\/\/www.dpsg-bommern.de\/blog\/sommerlager-2016-infos\/#primaryimage"},"image":{"@id":"https:\/\/www.dpsg-bommern.de\/blog\/sommerlager-2016-infos\/#primaryimage"},"thumbnailUrl":"https:\/\/www.dpsg-bommern.de\/blog\/wp-content\/uploads\/2016\/01\/Keyvisual_SoLa_2016.jpg","datePublished":"2016-07-28T13:08:48+00:00","dateModified":"2016-07-28T13:13:16+00:00","breadcrumb":{"@id":"https:\/\/www.dpsg-bommern.de\/blog\/sommerlager-2016-infos\/#breadcrumb"},"inLanguage":"de","potentialAction":[{"@type":"ReadAction","target":["https:\/\/www.dpsg-bommern.de\/blog\/sommerlager-2016-infos\/"]}]},{"@type":"ImageObject","inLanguage":"de","@id":"https:\/\/www.dpsg-bommern.de\/blog\/sommerlager-2016-infos\/#primaryimage","url":"https:\/\/www.dpsg-bommern.de\/blog\/wp-content\/uploads\/2016\/01\/Keyvisual_SoLa_2016.jpg","contentUrl":"https:\/\/www.dpsg-bommern.de\/blog\/wp-content\/uploads\/2016\/01\/Keyvisual_SoLa_2016.jpg","width":720,"height":400,"caption":"Sommerlager 2016 im Scouting Labelterrain Het Naaldenveld in Bentveld - Pfadfinder DPSG Herz-Jesu Witten-Bommern"},{"@type":"BreadcrumbList","@id":"https:\/\/www.dpsg-bommern.de\/blog\/sommerlager-2016-infos\/#breadcrumb","itemListElement":[{"@type":"ListItem","position":1,"name":"Home","item":"https:\/\/www.dpsg-bommern.de\/blog\/"},{"@type":"ListItem","position":2,"name":"Sommerlager 2016 &#8211; Der Countdown geht los&#8230;"}]},{"@type":"WebSite","@id":"https:\/\/www.dpsg-bommern.de\/blog\/#website","url":"https:\/\/www.dpsg-bommern.de\/blog\/","name":"DPSG Stamm Herz-Jesu Witten-Bommern","description":"Pfadfinden: Abenteuer und mehr","publisher":{"@id":"https:\/\/www.dpsg-bommern.de\/blog\/#organization"},"potentialAction":[{"@type":"SearchAction","target":{"@type":"EntryPoint","urlTemplate":"https:\/\/www.dpsg-bommern.de\/blog\/?s={search_term_string}"},"query-input":{"@type":"PropertyValueSpecification","valueRequired":true,"valueName":"search_term_string"}}],"inLanguage":"de"},{"@type":"Organization","@id":"https:\/\/www.dpsg-bommern.de\/blog\/#organization","name":"DPSG Stamm Herz-Jesu Witten-Bommern","url":"https:\/\/www.dpsg-bommern.de\/blog\/","logo":{"@type":"ImageObject","inLanguage":"de","@id":"https:\/\/www.dpsg-bommern.de\/blog\/#\/schema\/logo\/image\/","url":"","contentUrl":"","caption":"DPSG Stamm Herz-Jesu Witten-Bommern"},"image":{"@id":"https:\/\/www.dpsg-bommern.de\/blog\/#\/schema\/logo\/image\/"},"sameAs":["https:\/\/www.facebook.com\/dpsgwittenbommern","https:\/\/x.com\/dpsgBommern"]},{"@type":"Person","@id":"https:\/\/www.dpsg-bommern.de\/blog\/#\/schema\/person\/cac27072af5815849d86ab29e4715f3e","name":"oskar","image":{"@type":"ImageObject","inLanguage":"de","@id":"https:\/\/secure.gravatar.com\/avatar\/0df797c4fc9c8c58d48bde1a83df1fdff6e5b5c0c4464a4583d1a352f8fd7800?s=96&d=mm&r=g","url":"https:\/\/secure.gravatar.com\/avatar\/0df797c4fc9c8c58d48bde1a83df1fdff6e5b5c0c4464a4583d1a352f8fd7800?s=96&d=mm&r=g","contentUrl":"https:\/\/secure.gravatar.com\/avatar\/0df797c4fc9c8c58d48bde1a83df1fdff6e5b5c0c4464a4583d1a352f8fd7800?s=96&d=mm&r=g","caption":"oskar"},"url":"https:\/\/www.dpsg-bommern.de\/blog\/author\/oskar\/"}]}},"_links":{"self":[{"href":"https:\/\/www.dpsg-bommern.de\/blog\/wp-json\/wp\/v2\/posts\/2224","targetHints":{"allow":["GET"]}}],"collection":[{"href":"https:\/\/www.dpsg-bommern.de\/blog\/wp-json\/wp\/v2\/posts"}],"about":[{"href":"https:\/\/www.dpsg-bommern.de\/blog\/wp-json\/wp\/v2\/types\/post"}],"author":[{"embeddable":true,"href":"https:\/\/www.dpsg-bommern.de\/blog\/wp-json\/wp\/v2\/users\/4"}],"replies":[{"embeddable":true,"href":"https:\/\/www.dpsg-bommern.de\/blog\/wp-json\/wp\/v2\/comments?post=2224"}],"version-history":[{"count":4,"href":"https:\/\/www.dpsg-bommern.de\/blog\/wp-json\/wp\/v2\/posts\/2224\/revisions"}],"predecessor-version":[{"id":2228,"href":"https:\/\/www.dpsg-bommern.de\/blog\/wp-json\/wp\/v2\/posts\/2224\/revisions\/2228"}],"wp:featuredmedia":[{"embeddable":true,"href":"https:\/\/www.dpsg-bommern.de\/blog\/wp-json\/wp\/v2\/media\/2195"}],"wp:attachment":[{"href":"https:\/\/www.dpsg-bommern.de\/blog\/wp-json\/wp\/v2\/media?parent=2224"}],"wp:term":[{"taxonomy":"category","embeddable":true,"href":"https:\/\/www.dpsg-bommern.de\/blog\/wp-json\/wp\/v2\/categories?post=2224"},{"taxonomy":"post_tag","embeddable":true,"href":"https:\/\/www.dpsg-bommern.de\/blog\/wp-json\/wp\/v2\/tags?post=2224"}],"curies":[{"name":"wp","href":"https:\/\/api.w.org\/{rel}","templated":true}]}}